{"id":1568,"date":"2024-04-10T18:52:51","date_gmt":"2024-04-10T16:52:51","guid":{"rendered":"https:\/\/bayernrockt-kaninchenhilfe.de\/wordpress\/?p=1568"},"modified":"2026-03-16T12:42:52","modified_gmt":"2026-03-16T11:42:52","slug":"nelly","status":"publish","type":"post","link":"https:\/\/bayernrockt-kaninchenhilfe.de\/wordpress\/nelly\/","title":{"rendered":"Nelly"},"content":{"rendered":"\n<p>Hallo Leute, ratet mal wer ich bin? Genau, eure Nelly. Zur Erinnerung \u2013 gro\u00dfer Notfall 2019, Befreiung meines gesamten Familienclans aus K\u00e4fighaltung. Danke Bayern rockt <img loading=\"lazy\" decoding=\"async\" height=\"16\" width=\"16\" src=\"https:\/\/static.xx.fbcdn.net\/images\/emoji.php\/v9\/t6c\/1\/16\/2764.png\" alt=\"\u2764\ufe0f\"> <br>Nach einigen Stationen kam ich ein halbes Jahr sp\u00e4ter endlich in meinem F\u00fcr-Immer-Zuhause an. <br>Befreundete mich mit neuen Kaninchen, gro\u00dfe Liebe und Freundschaften entstanden mit Finn, Crain, Paula, Lotti, Emeran und Kora. Naja, Kora weniger aber wir kommen gut aus. Mit Kora schmuse ich nur im Notfall, doch es kam auch schon vor und konnte sogar dokumentiert werden. <br>Leider sind nun einige meiner Freunde schon \u00fcber dem Regenbogen, aber ich bin noch hier. Und das ist nicht so ganz selbstverst\u00e4ndlich. <br>Denn meine Gene haben mich zu einem sehr besonderen Kaninchen werden lassen. Eine Zwerchfell-Hernie wurde mir in die Wiege gelegt. Ich \u00fcberlege manchmal ob es die krasse Inzucht war? Unsere Halterin damals hat meine Gro\u00dfeltern, ein M\u00e4del und ein Bub aus dem Baumarkt, einfach sich selbst und der Natur \u00fcberlassen. Irgendwann waren wir dann sehr viele. Aus 2 mach 11, das ist nicht schwer f\u00fcr uns Kaninchen. <br>Jedenfalls diese Zwerchfell-Hernie die hat meine Darmschlingen in Unordnung gebracht und eine Niere an einen falschen Platz geschoben und die andere Niere ging auch noch kaputt. Die musste 2021 rausoperiert werden. Jetzt hab ich da so Clips aus Metall drin. Dieses Chaos in meinem Bauch, das merke ich schon mein Leben lang. Oft zwickt und zwackt was, dann geh ich auf R\u00fcckzug und mag nicht mehr fressen. So hab ich letzte Woche mal wieder einen Tag im Krankenhaus verbracht. <br>Jetzt dr\u00fcckt mir bitte die Pfoten, \u00e4h nein, ihr 2Beiner habt ja Daumen, also bitte Daumen dr\u00fccken, dass es so schnell nicht wieder passiert. <br>Ich freu mich, dass ich trotz allem so ein tolles Leben mit meinen Freunden verbringen darf <img loading=\"lazy\" decoding=\"async\" height=\"16\" width=\"16\" src=\"https:\/\/static.xx.fbcdn.net\/images\/emoji.php\/v9\/tea\/1\/16\/1f970.png\" alt=\"\ud83e\udd70\"> <br>Eure Nelly<\/p>\n","protected":false},"excerpt":{"rendered":"<p>Hallo Leute, ratet mal wer ich bin? Genau, eure Nelly. Zur Erinnerung \u2013 gro\u00dfer Notfall 2019, Befreiung meines gesamten Familienclans aus K\u00e4fighaltung. Danke Bayern rockt Nach einigen Stationen kam ich ein halbes Jahr sp\u00e4ter endlich in meinem F\u00fcr-Immer-Zuhause an. Befreundete mich mit neuen Kaninchen, gro\u00dfe Liebe und Freundschaften entstanden mit Finn, Crain, Paula, Lotti, Emeran [&hellip;]<\/p>\n","protected":false},"author":1,"featured_media":1569,"comment_status":"closed","ping_status":"open","sticky":false,"template":"","format":"standard","meta":{"footnotes":""},"categories":[1],"tags":[],"class_list":["post-1568","post","type-post","status-publish","format-standard","has-post-thumbnail","hentry","category-allgemein"],"_links":{"self":[{"href":"https:\/\/bayernrockt-kaninchenhilfe.de\/wordpress\/wp-json\/wp\/v2\/posts\/1568","targetHints":{"allow":["GET"]}}],"collection":[{"href":"https:\/\/bayernrockt-kaninchenhilfe.de\/wordpress\/wp-json\/wp\/v2\/posts"}],"about":[{"href":"https:\/\/bayernrockt-kaninchenhilfe.de\/wordpress\/wp-json\/wp\/v2\/types\/post"}],"author":[{"embeddable":true,"href":"https:\/\/bayernrockt-kaninchenhilfe.de\/wordpress\/wp-json\/wp\/v2\/users\/1"}],"replies":[{"embeddable":true,"href":"https:\/\/bayernrockt-kaninchenhilfe.de\/wordpress\/wp-json\/wp\/v2\/comments?post=1568"}],"version-history":[{"count":1,"href":"https:\/\/bayernrockt-kaninchenhilfe.de\/wordpress\/wp-json\/wp\/v2\/posts\/1568\/revisions"}],"predecessor-version":[{"id":1570,"href":"https:\/\/bayernrockt-kaninchenhilfe.de\/wordpress\/wp-json\/wp\/v2\/posts\/1568\/revisions\/1570"}],"wp:featuredmedia":[{"embeddable":true,"href":"https:\/\/bayernrockt-kaninchenhilfe.de\/wordpress\/wp-json\/wp\/v2\/media\/1569"}],"wp:attachment":[{"href":"https:\/\/bayernrockt-kaninchenhilfe.de\/wordpress\/wp-json\/wp\/v2\/media?parent=1568"}],"wp:term":[{"taxonomy":"category","embeddable":true,"href":"https:\/\/bayernrockt-kaninchenhilfe.de\/wordpress\/wp-json\/wp\/v2\/categories?post=1568"},{"taxonomy":"post_tag","embeddable":true,"href":"https:\/\/bayernrockt-kaninchenhilfe.de\/wordpress\/wp-json\/wp\/v2\/tags?post=1568"}],"curies":[{"name":"wp","href":"https:\/\/api.w.org\/{rel}","templated":true}]}}