{"id":1582,"date":"2024-04-25T08:35:49","date_gmt":"2024-04-25T06:35:49","guid":{"rendered":"https:\/\/bayernrockt-kaninchenhilfe.de\/wordpress\/?p=1582"},"modified":"2026-03-16T12:43:16","modified_gmt":"2026-03-16T11:43:16","slug":"ulli-lea-4","status":"publish","type":"post","link":"https:\/\/bayernrockt-kaninchenhilfe.de\/wordpress\/ulli-lea-4\/","title":{"rendered":"Ulli und Lea"},"content":{"rendered":"\n<p>Hallo Leute, <br>ich bin es Ulli. Letzte Woche das CT war ganz sch\u00f6n aufregend f\u00fcr mich. So viele neue Leute und dann noch im Karton in so ein Ger\u00e4t geschoben werden&#8230; War aber zum Gl\u00fcck ganz schnell vorbei. <br>Die Diagnose ist ok. Meine Nase ist durch den Schnupfen ver\u00e4ndert und auch meine Mittelohren sind dadurch entz\u00fcndet. Allerdings sind zum Gl\u00fcck meine Z\u00e4hne nicht Teil des Problems. Das war ja unsere gro\u00dfe Angst. Langfristig m\u00fcssen meine Schneidez\u00e4hne gezogen werden, aber daf\u00fcr muss ich erst wieder fitter sein. Meine Backenz\u00e4hne sind soweit unauff\u00e4llig. <br>Bitte dr\u00fcckt mir weiter die Daumen. <br>Bis bald, euer Ulli.<\/p>\n","protected":false},"excerpt":{"rendered":"<p>Hallo Leute, ich bin es Ulli. Letzte Woche das CT war ganz sch\u00f6n aufregend f\u00fcr mich. So viele neue Leute und dann noch im Karton in so ein Ger\u00e4t geschoben werden&#8230; War aber zum Gl\u00fcck ganz schnell vorbei. Die Diagnose ist ok. Meine Nase ist durch den Schnupfen ver\u00e4ndert und auch meine Mittelohren sind dadurch [&hellip;]<\/p>\n","protected":false},"author":1,"featured_media":1583,"comment_status":"closed","ping_status":"open","sticky":false,"template":"","format":"standard","meta":{"footnotes":""},"categories":[4],"tags":[],"class_list":["post-1582","post","type-post","status-publish","format-standard","has-post-thumbnail","hentry","category-patienten"],"_links":{"self":[{"href":"https:\/\/bayernrockt-kaninchenhilfe.de\/wordpress\/wp-json\/wp\/v2\/posts\/1582","targetHints":{"allow":["GET"]}}],"collection":[{"href":"https:\/\/bayernrockt-kaninchenhilfe.de\/wordpress\/wp-json\/wp\/v2\/posts"}],"about":[{"href":"https:\/\/bayernrockt-kaninchenhilfe.de\/wordpress\/wp-json\/wp\/v2\/types\/post"}],"author":[{"embeddable":true,"href":"https:\/\/bayernrockt-kaninchenhilfe.de\/wordpress\/wp-json\/wp\/v2\/users\/1"}],"replies":[{"embeddable":true,"href":"https:\/\/bayernrockt-kaninchenhilfe.de\/wordpress\/wp-json\/wp\/v2\/comments?post=1582"}],"version-history":[{"count":2,"href":"https:\/\/bayernrockt-kaninchenhilfe.de\/wordpress\/wp-json\/wp\/v2\/posts\/1582\/revisions"}],"predecessor-version":[{"id":1955,"href":"https:\/\/bayernrockt-kaninchenhilfe.de\/wordpress\/wp-json\/wp\/v2\/posts\/1582\/revisions\/1955"}],"wp:featuredmedia":[{"embeddable":true,"href":"https:\/\/bayernrockt-kaninchenhilfe.de\/wordpress\/wp-json\/wp\/v2\/media\/1583"}],"wp:attachment":[{"href":"https:\/\/bayernrockt-kaninchenhilfe.de\/wordpress\/wp-json\/wp\/v2\/media?parent=1582"}],"wp:term":[{"taxonomy":"category","embeddable":true,"href":"https:\/\/bayernrockt-kaninchenhilfe.de\/wordpress\/wp-json\/wp\/v2\/categories?post=1582"},{"taxonomy":"post_tag","embeddable":true,"href":"https:\/\/bayernrockt-kaninchenhilfe.de\/wordpress\/wp-json\/wp\/v2\/tags?post=1582"}],"curies":[{"name":"wp","href":"https:\/\/api.w.org\/{rel}","templated":true}]}}