{"id":1681,"date":"2024-05-10T20:20:59","date_gmt":"2024-05-10T18:20:59","guid":{"rendered":"https:\/\/bayernrockt-kaninchenhilfe.de\/wordpress\/?p=1681"},"modified":"2026-03-16T12:44:17","modified_gmt":"2026-03-16T11:44:17","slug":"was-wurde-aus","status":"publish","type":"post","link":"https:\/\/bayernrockt-kaninchenhilfe.de\/wordpress\/was-wurde-aus\/","title":{"rendered":"Was wurde aus &#8230;"},"content":{"rendered":"\n<p>Was wurde aus Lina, Tochter Namida und Kumpel Cookie?<\/p>\n\n\n\n<p>Wir drei sind schon l\u00e4nger von unserer Pflegemama fest \u00fcbernommen. <br>Ich bekam kurz vor einem m\u00f6glichen Auszug zwei Babies: Namida und Sikari. Namida hatte schon als Kleines ein Rollid das damals operiert wurde. Mit nur 11 Monaten ist meine Tochter Sikari wegen einer Leberlappendrehung \u00fcber die Regenbogenbr\u00fccke gehoppelt. Das war ganz schlimm traurig. <br>Dann kam Cookie zur\u00fcck zu den Bayern rockt M\u00e4dels. Er war nicht so fit und er <a><\/a>hat einen \u00dcberbiss. <br>Unsere Mama \u00fcberlegte nicht lange und meinte, er w\u00fcrde gut zu uns passen. So zog damals im M\u00e4rz 2022 Cookie zu uns. <br>Wir sind ein tolles Team und lieben uns hei\u00df und innig. Cookie ist und bleibt ein Quatschkopf, und Namida macht mit. Inzwischen sind es also schon 2 bzw. 3 Jahre, wo wir da sein d\u00fcrfen. <br>Wir drei sind cool und ein Praxisbesuch ist immer wieder toll. <br>Cookies Z\u00e4hne sind durch das regelm\u00e4\u00dfige Schleifen stabil. Namida hat sich im Dezember einen Schneidezahn abgebrochen. Der kommt gut nach. Was meine Tochter da angestellt hat wei\u00df ich nicht. <br>Und ich, Lina, pass auf die zwei auf. Ich bin jetzt auch schon 4. Neulich musste ich auch mal schlafen&#8230; Meine Z\u00e4hne wurden ganz genau angeschaut. Lieber zu fr\u00fch und Prophylaxe, als das es schlimm wird. <br>Wir w\u00fcnschen allen unseren Freunden, die noch kein Zuhause haben, da\u00df sie auch bald eines finden, auch wenn sie ein Handicap haben. <br>Bis bald, Eure Lina<\/p>\n","protected":false},"excerpt":{"rendered":"<p>Was wurde aus Lina, Tochter Namida und Kumpel Cookie? Wir drei sind schon l\u00e4nger von unserer Pflegemama fest \u00fcbernommen. Ich bekam kurz vor einem m\u00f6glichen Auszug zwei Babies: Namida und Sikari. Namida hatte schon als Kleines ein Rollid das damals operiert wurde. Mit nur 11 Monaten ist meine Tochter Sikari wegen einer Leberlappendrehung \u00fcber die [&hellip;]<\/p>\n","protected":false},"author":1,"featured_media":1682,"comment_status":"closed","ping_status":"open","sticky":false,"template":"","format":"standard","meta":{"footnotes":""},"categories":[1],"tags":[],"class_list":["post-1681","post","type-post","status-publish","format-standard","has-post-thumbnail","hentry","category-allgemein"],"_links":{"self":[{"href":"https:\/\/bayernrockt-kaninchenhilfe.de\/wordpress\/wp-json\/wp\/v2\/posts\/1681","targetHints":{"allow":["GET"]}}],"collection":[{"href":"https:\/\/bayernrockt-kaninchenhilfe.de\/wordpress\/wp-json\/wp\/v2\/posts"}],"about":[{"href":"https:\/\/bayernrockt-kaninchenhilfe.de\/wordpress\/wp-json\/wp\/v2\/types\/post"}],"author":[{"embeddable":true,"href":"https:\/\/bayernrockt-kaninchenhilfe.de\/wordpress\/wp-json\/wp\/v2\/users\/1"}],"replies":[{"embeddable":true,"href":"https:\/\/bayernrockt-kaninchenhilfe.de\/wordpress\/wp-json\/wp\/v2\/comments?post=1681"}],"version-history":[{"count":1,"href":"https:\/\/bayernrockt-kaninchenhilfe.de\/wordpress\/wp-json\/wp\/v2\/posts\/1681\/revisions"}],"predecessor-version":[{"id":1683,"href":"https:\/\/bayernrockt-kaninchenhilfe.de\/wordpress\/wp-json\/wp\/v2\/posts\/1681\/revisions\/1683"}],"wp:featuredmedia":[{"embeddable":true,"href":"https:\/\/bayernrockt-kaninchenhilfe.de\/wordpress\/wp-json\/wp\/v2\/media\/1682"}],"wp:attachment":[{"href":"https:\/\/bayernrockt-kaninchenhilfe.de\/wordpress\/wp-json\/wp\/v2\/media?parent=1681"}],"wp:term":[{"taxonomy":"category","embeddable":true,"href":"https:\/\/bayernrockt-kaninchenhilfe.de\/wordpress\/wp-json\/wp\/v2\/categories?post=1681"},{"taxonomy":"post_tag","embeddable":true,"href":"https:\/\/bayernrockt-kaninchenhilfe.de\/wordpress\/wp-json\/wp\/v2\/tags?post=1681"}],"curies":[{"name":"wp","href":"https:\/\/api.w.org\/{rel}","templated":true}]}}