{"id":1693,"date":"2024-05-17T13:57:13","date_gmt":"2024-05-17T11:57:13","guid":{"rendered":"https:\/\/bayernrockt-kaninchenhilfe.de\/wordpress\/?p=1693"},"modified":"2024-05-17T14:47:54","modified_gmt":"2024-05-17T12:47:54","slug":"monty-und-akira","status":"publish","type":"post","link":"https:\/\/bayernrockt-kaninchenhilfe.de\/wordpress\/monty-und-akira\/","title":{"rendered":"Monty und Akira"},"content":{"rendered":"\n<p>Hallo Leute, <br>ich, der kleine, etwas durch den Fellwechsel zerrupfte, bin Monty. <br>Von mir gibt es kaum Bilder mit meiner Akira, weil ich sofort aufstehe, wenn unsere Pflegemama mit dem Knipsdings kommt. W\u00e4re ja noch sch\u00f6ner, wenn sie uns einfach knipsen kann <img loading=\"lazy\" decoding=\"async\" height=\"16\" width=\"16\" alt=\"\ud83d\ude09\" src=\"https:\/\/static.xx.fbcdn.net\/images\/emoji.php\/v9\/t57\/1\/16\/1f609.png\">. <br>Ich <a><\/a>bin ein eher \u00e4ngstlicher Typ. Akira kann ich ganz dolle leiden<img loading=\"lazy\" decoding=\"async\" height=\"16\" width=\"16\" alt=\"\u2764\" src=\"https:\/\/static.xx.fbcdn.net\/images\/emoji.php\/v9\/t6c\/1\/16\/2764.png\"> Und weil sie gr\u00f6\u00dfer als ich ist, kann ich mich gut unter ihr Ohr legen. Und wie es sich f\u00fcr einen gestandenen Mann geh\u00f6rt, bin ich ihre St\u00fctze<img loading=\"lazy\" decoding=\"async\" height=\"16\" width=\"16\" alt=\"\ud83d\ude09\" src=\"https:\/\/static.xx.fbcdn.net\/images\/emoji.php\/v9\/t57\/1\/16\/1f609.png\"> <br>Seit ihrer Ohren-OP ist sie deutlich besser drauf. Sie hoppelt jetzt mehr mit mir rum. <br>Akira muss wegen ihrer Ohren \u00f6fter als ich zum Doc. Bei mir muss nur regelm\u00e4\u00dfig ein Z\u00e4hnchen beobachtet werden. Trotzdem hab ich da noch arg Bammel. Inzwischen darf mich meine Pflegemama anfassen. Fand ich am Anfang gruselig. Ich mag das aber immer mehr&#8230; Das will ich nur nicht zu laut sagen&#8230; Psssst<img loading=\"lazy\" decoding=\"async\" height=\"16\" width=\"16\" alt=\"\ud83e\udd70\" src=\"https:\/\/static.xx.fbcdn.net\/images\/emoji.php\/v9\/tea\/1\/16\/1f970.png\"> <br>Auch wir freuen uns \u00fcber jede Unterst\u00fctzung <img loading=\"lazy\" decoding=\"async\" height=\"16\" width=\"16\" alt=\"\ud83d\udc30\" src=\"https:\/\/static.xx.fbcdn.net\/images\/emoji.php\/v9\/t29\/1\/16\/1f430.png\"><img loading=\"lazy\" decoding=\"async\" height=\"16\" width=\"16\" alt=\"\ud83d\udc8b\" src=\"https:\/\/static.xx.fbcdn.net\/images\/emoji.php\/v9\/t76\/1\/16\/1f48b.png\"> <br>Spende bequem per PayPal. <br>Wichtig: bitte als Freund spenden! <br>Oder schaut auf unsere &#8222;Helfen&#8220; Seite. <br>Es gibt viele M\u00f6glichkeiten zu helfen. Danke! <br>Bis bald, euer Monty<\/p>\n","protected":false},"excerpt":{"rendered":"<p>Hallo Leute, ich, der kleine, etwas durch den Fellwechsel zerrupfte, bin Monty. Von mir gibt es kaum Bilder mit meiner Akira, weil ich sofort aufstehe, wenn unsere Pflegemama mit dem Knipsdings kommt. W\u00e4re ja noch sch\u00f6ner, wenn sie uns einfach knipsen kann . Ich bin ein eher \u00e4ngstlicher Typ. Akira kann ich ganz dolle leiden [&hellip;]<\/p>\n","protected":false},"author":1,"featured_media":1696,"comment_status":"closed","ping_status":"open","sticky":false,"template":"","format":"standard","meta":{"footnotes":""},"categories":[5],"tags":[],"class_list":["post-1693","post","type-post","status-publish","format-standard","has-post-thumbnail","hentry","category-vorstellung"],"_links":{"self":[{"href":"https:\/\/bayernrockt-kaninchenhilfe.de\/wordpress\/wp-json\/wp\/v2\/posts\/1693","targetHints":{"allow":["GET"]}}],"collection":[{"href":"https:\/\/bayernrockt-kaninchenhilfe.de\/wordpress\/wp-json\/wp\/v2\/posts"}],"about":[{"href":"https:\/\/bayernrockt-kaninchenhilfe.de\/wordpress\/wp-json\/wp\/v2\/types\/post"}],"author":[{"embeddable":true,"href":"https:\/\/bayernrockt-kaninchenhilfe.de\/wordpress\/wp-json\/wp\/v2\/users\/1"}],"replies":[{"embeddable":true,"href":"https:\/\/bayernrockt-kaninchenhilfe.de\/wordpress\/wp-json\/wp\/v2\/comments?post=1693"}],"version-history":[{"count":3,"href":"https:\/\/bayernrockt-kaninchenhilfe.de\/wordpress\/wp-json\/wp\/v2\/posts\/1693\/revisions"}],"predecessor-version":[{"id":1700,"href":"https:\/\/bayernrockt-kaninchenhilfe.de\/wordpress\/wp-json\/wp\/v2\/posts\/1693\/revisions\/1700"}],"wp:featuredmedia":[{"embeddable":true,"href":"https:\/\/bayernrockt-kaninchenhilfe.de\/wordpress\/wp-json\/wp\/v2\/media\/1696"}],"wp:attachment":[{"href":"https:\/\/bayernrockt-kaninchenhilfe.de\/wordpress\/wp-json\/wp\/v2\/media?parent=1693"}],"wp:term":[{"taxonomy":"category","embeddable":true,"href":"https:\/\/bayernrockt-kaninchenhilfe.de\/wordpress\/wp-json\/wp\/v2\/categories?post=1693"},{"taxonomy":"post_tag","embeddable":true,"href":"https:\/\/bayernrockt-kaninchenhilfe.de\/wordpress\/wp-json\/wp\/v2\/tags?post=1693"}],"curies":[{"name":"wp","href":"https:\/\/api.w.org\/{rel}","templated":true}]}}