{"id":1818,"date":"2024-06-22T00:02:53","date_gmt":"2024-06-21T22:02:53","guid":{"rendered":"https:\/\/bayernrockt-kaninchenhilfe.de\/wordpress\/?p=1818"},"modified":"2026-03-16T12:45:26","modified_gmt":"2026-03-16T11:45:26","slug":"findus-2","status":"publish","type":"post","link":"https:\/\/bayernrockt-kaninchenhilfe.de\/wordpress\/findus-2\/","title":{"rendered":"Vermittelt: Findus"},"content":{"rendered":"\n<p>Hallo Leute,<br>ich bin der Findus.<br>Urspr\u00fcnglich bin ich im April 2021, nur 8 Monate alt, das erste Mal zu den Bayern rockt M\u00e4dels gekommen. Wegen einer Allergie wurde ich damals \u00fcber Kleinanzeigen abgegeben. Bald fand man ein sch\u00f6nes Zuhause f\u00fcr mich. Im November 2023 ist dann jedoch meine geliebte Pebbles \u00fcber die Regenbogenbr\u00fccke gehoppelt. Meine Menschen waren so traurig und wollten nicht, dass ich alleine bleibe, aber leider auch nicht weitermachen \ud83d\ude14.<br>Trotz allem bin ich echt ein Gl\u00fcckspilz. Ich durfte nach einer kurzen R\u00fcckkehr zur Pflegestelle, wieder in ein eigenes Zuhause ziehen. Zur Susi, einer h\u00fcbschen und tollen H\u00e4sin. Auch ihre Menschen sind ganz lieb \ud83d\ude0a.<br>W\u00fcnsche euch allen auch so viel Gl\u00fcck \ud83c\udf40<br>Euer Findus<\/p>\n","protected":false},"excerpt":{"rendered":"<p>Hallo Leute,ich bin der Findus.Urspr\u00fcnglich bin ich im April 2021, nur 8 Monate alt, das erste Mal zu den Bayern rockt M\u00e4dels gekommen. Wegen einer Allergie wurde ich damals \u00fcber Kleinanzeigen abgegeben. Bald fand man ein sch\u00f6nes Zuhause f\u00fcr mich. Im November 2023 ist dann jedoch meine geliebte Pebbles \u00fcber die Regenbogenbr\u00fccke gehoppelt. Meine Menschen [&hellip;]<\/p>\n","protected":false},"author":1,"featured_media":1819,"comment_status":"closed","ping_status":"open","sticky":false,"template":"","format":"standard","meta":{"footnotes":""},"categories":[1],"tags":[],"class_list":["post-1818","post","type-post","status-publish","format-standard","has-post-thumbnail","hentry","category-allgemein"],"_links":{"self":[{"href":"https:\/\/bayernrockt-kaninchenhilfe.de\/wordpress\/wp-json\/wp\/v2\/posts\/1818","targetHints":{"allow":["GET"]}}],"collection":[{"href":"https:\/\/bayernrockt-kaninchenhilfe.de\/wordpress\/wp-json\/wp\/v2\/posts"}],"about":[{"href":"https:\/\/bayernrockt-kaninchenhilfe.de\/wordpress\/wp-json\/wp\/v2\/types\/post"}],"author":[{"embeddable":true,"href":"https:\/\/bayernrockt-kaninchenhilfe.de\/wordpress\/wp-json\/wp\/v2\/users\/1"}],"replies":[{"embeddable":true,"href":"https:\/\/bayernrockt-kaninchenhilfe.de\/wordpress\/wp-json\/wp\/v2\/comments?post=1818"}],"version-history":[{"count":2,"href":"https:\/\/bayernrockt-kaninchenhilfe.de\/wordpress\/wp-json\/wp\/v2\/posts\/1818\/revisions"}],"predecessor-version":[{"id":1953,"href":"https:\/\/bayernrockt-kaninchenhilfe.de\/wordpress\/wp-json\/wp\/v2\/posts\/1818\/revisions\/1953"}],"wp:featuredmedia":[{"embeddable":true,"href":"https:\/\/bayernrockt-kaninchenhilfe.de\/wordpress\/wp-json\/wp\/v2\/media\/1819"}],"wp:attachment":[{"href":"https:\/\/bayernrockt-kaninchenhilfe.de\/wordpress\/wp-json\/wp\/v2\/media?parent=1818"}],"wp:term":[{"taxonomy":"category","embeddable":true,"href":"https:\/\/bayernrockt-kaninchenhilfe.de\/wordpress\/wp-json\/wp\/v2\/categories?post=1818"},{"taxonomy":"post_tag","embeddable":true,"href":"https:\/\/bayernrockt-kaninchenhilfe.de\/wordpress\/wp-json\/wp\/v2\/tags?post=1818"}],"curies":[{"name":"wp","href":"https:\/\/api.w.org\/{rel}","templated":true}]}}