{"id":1821,"date":"2024-06-25T19:30:18","date_gmt":"2024-06-25T17:30:18","guid":{"rendered":"https:\/\/bayernrockt-kaninchenhilfe.de\/wordpress\/?p=1821"},"modified":"2026-03-16T12:45:32","modified_gmt":"2026-03-16T11:45:32","slug":"knoepfchen","status":"publish","type":"post","link":"https:\/\/bayernrockt-kaninchenhilfe.de\/wordpress\/knoepfchen\/","title":{"rendered":"Kn\u00f6pfchen"},"content":{"rendered":"\n<p>Hallo Leute, <br>ich bin Kn\u00f6pfchen und stamme urspr\u00fcnglich aus Hannover. Dort war ich eines von ganz ganz vielen Kaninchen. Aus Zwei wurden ganz viele von uns, da unsere damaligen Menschen die Rammler nicht kastriert haben. Es war ein buntes Durcheinander. Einige von uns durften damals nach Bayern ziehen. Da man nicht mehr wusste, wer die Eltern waren und wann wer geboren wurde, ist mein Alter nicht genau bekannt. So bin ich wohl schon so 8 Jahre alt, und dabei ein zartes Wesen von 1,4 kg. <br>Ich hatte Gl\u00fcck und fand nach 3 Monaten ein eigenes Zuhause bei einem lieben Kaninchenmann. Leider ist er gestorben und so kam ich wieder zur\u00fcck zu meiner Pflegestelle. So sch\u00f6n es hier auch ist, sehne ich mich trotzdem nach einem richtigen Zuhause \ud83c\udfe1. <br>Da ich EC-Positiv bin, suche ich einen lieben Partner, der auch EC-positiv ist. Mein Tr\u00e4nennasenkanal macht manchmal Probleme und sollte regelm\u00e4\u00dfig gesp\u00fclt werden. Sonst bin ich aber fit und startklar f\u00fcr ein Zuhause \ud83d\udcaa. <br>Mit anderen Kaninchen komme ich ganz gut klar. Bei Menschen bin ich eher vorsichtig. <br>Ich freu mich, von Euch zu h\u00f6ren. <br>Eurer Kn\u00f6pfchen<\/p>\n","protected":false},"excerpt":{"rendered":"<p>Hallo Leute, ich bin Kn\u00f6pfchen und stamme urspr\u00fcnglich aus Hannover. Dort war ich eines von ganz ganz vielen Kaninchen. Aus Zwei wurden ganz viele von uns, da unsere damaligen Menschen die Rammler nicht kastriert haben. Es war ein buntes Durcheinander. Einige von uns durften damals nach Bayern ziehen. Da man nicht mehr wusste, wer die [&hellip;]<\/p>\n","protected":false},"author":1,"featured_media":1822,"comment_status":"closed","ping_status":"open","sticky":false,"template":"","format":"standard","meta":{"footnotes":""},"categories":[5],"tags":[],"class_list":["post-1821","post","type-post","status-publish","format-standard","has-post-thumbnail","hentry","category-vorstellung"],"_links":{"self":[{"href":"https:\/\/bayernrockt-kaninchenhilfe.de\/wordpress\/wp-json\/wp\/v2\/posts\/1821","targetHints":{"allow":["GET"]}}],"collection":[{"href":"https:\/\/bayernrockt-kaninchenhilfe.de\/wordpress\/wp-json\/wp\/v2\/posts"}],"about":[{"href":"https:\/\/bayernrockt-kaninchenhilfe.de\/wordpress\/wp-json\/wp\/v2\/types\/post"}],"author":[{"embeddable":true,"href":"https:\/\/bayernrockt-kaninchenhilfe.de\/wordpress\/wp-json\/wp\/v2\/users\/1"}],"replies":[{"embeddable":true,"href":"https:\/\/bayernrockt-kaninchenhilfe.de\/wordpress\/wp-json\/wp\/v2\/comments?post=1821"}],"version-history":[{"count":1,"href":"https:\/\/bayernrockt-kaninchenhilfe.de\/wordpress\/wp-json\/wp\/v2\/posts\/1821\/revisions"}],"predecessor-version":[{"id":1823,"href":"https:\/\/bayernrockt-kaninchenhilfe.de\/wordpress\/wp-json\/wp\/v2\/posts\/1821\/revisions\/1823"}],"wp:featuredmedia":[{"embeddable":true,"href":"https:\/\/bayernrockt-kaninchenhilfe.de\/wordpress\/wp-json\/wp\/v2\/media\/1822"}],"wp:attachment":[{"href":"https:\/\/bayernrockt-kaninchenhilfe.de\/wordpress\/wp-json\/wp\/v2\/media?parent=1821"}],"wp:term":[{"taxonomy":"category","embeddable":true,"href":"https:\/\/bayernrockt-kaninchenhilfe.de\/wordpress\/wp-json\/wp\/v2\/categories?post=1821"},{"taxonomy":"post_tag","embeddable":true,"href":"https:\/\/bayernrockt-kaninchenhilfe.de\/wordpress\/wp-json\/wp\/v2\/tags?post=1821"}],"curies":[{"name":"wp","href":"https:\/\/api.w.org\/{rel}","templated":true}]}}