{"id":1860,"date":"2024-07-03T23:59:42","date_gmt":"2024-07-03T21:59:42","guid":{"rendered":"https:\/\/bayernrockt-kaninchenhilfe.de\/wordpress\/?p=1860"},"modified":"2024-07-13T00:08:10","modified_gmt":"2024-07-12T22:08:10","slug":"wuschel","status":"publish","type":"post","link":"https:\/\/bayernrockt-kaninchenhilfe.de\/wordpress\/wuschel\/","title":{"rendered":"Wuschel"},"content":{"rendered":"\n<p>Hallo Leute, ich bin Wuschel. <br>Ihr seht, dass mein Fell meinem Namen alle Ehre macht. Unter meinem Wuschelfell bin ich ein zarter kleiner Kaninchenmann mit einem gro\u00dfen Herzen <img loading=\"lazy\" decoding=\"async\" height=\"16\" width=\"16\" src=\"https:\/\/static.xx.fbcdn.net\/images\/emoji.php\/v9\/t6c\/1\/16\/2764.png\" alt=\"\u2764\ufe0f\">.<br>2020 kam ich zusammen mit meinem Kumpel Teddy zum ersten mal zu Bayern rockt, weil die Haltung beendet wurde. Beide konnten wir, getrennt voneinander, bald in ein neues Zuhause ziehen. <br>Dann ist meine Partnerin leider gestorben, und wieder h\u00f6rten meine Menschen mit der Haltung auf. Seit Oktober 2023 bin ich nun wieder auf der Suche nach einem neuen Zuhause. <br>Ich bin EC-negativ und soweit fit. Mein Fell bedarf zwar regelm\u00e4\u00dfiger Pflege, das mache ich aber geduldig mit. Hoffentlich wartet da drau\u00dfen eine liebe Kaninchendame genau auf mich. <br>Bis bald, Euer Wuschel.<\/p>\n","protected":false},"excerpt":{"rendered":"<p>Hallo Leute, ich bin Wuschel. Ihr seht, dass mein Fell meinem Namen alle Ehre macht. Unter meinem Wuschelfell bin ich ein zarter kleiner Kaninchenmann mit einem gro\u00dfen Herzen .2020 kam ich zusammen mit meinem Kumpel Teddy zum ersten mal zu Bayern rockt, weil die Haltung beendet wurde. Beide konnten wir, getrennt voneinander, bald in ein [&hellip;]<\/p>\n","protected":false},"author":1,"featured_media":1862,"comment_status":"closed","ping_status":"open","sticky":false,"template":"","format":"standard","meta":{"footnotes":""},"categories":[5],"tags":[],"class_list":["post-1860","post","type-post","status-publish","format-standard","has-post-thumbnail","hentry","category-vorstellung"],"_links":{"self":[{"href":"https:\/\/bayernrockt-kaninchenhilfe.de\/wordpress\/wp-json\/wp\/v2\/posts\/1860","targetHints":{"allow":["GET"]}}],"collection":[{"href":"https:\/\/bayernrockt-kaninchenhilfe.de\/wordpress\/wp-json\/wp\/v2\/posts"}],"about":[{"href":"https:\/\/bayernrockt-kaninchenhilfe.de\/wordpress\/wp-json\/wp\/v2\/types\/post"}],"author":[{"embeddable":true,"href":"https:\/\/bayernrockt-kaninchenhilfe.de\/wordpress\/wp-json\/wp\/v2\/users\/1"}],"replies":[{"embeddable":true,"href":"https:\/\/bayernrockt-kaninchenhilfe.de\/wordpress\/wp-json\/wp\/v2\/comments?post=1860"}],"version-history":[{"count":1,"href":"https:\/\/bayernrockt-kaninchenhilfe.de\/wordpress\/wp-json\/wp\/v2\/posts\/1860\/revisions"}],"predecessor-version":[{"id":1865,"href":"https:\/\/bayernrockt-kaninchenhilfe.de\/wordpress\/wp-json\/wp\/v2\/posts\/1860\/revisions\/1865"}],"wp:featuredmedia":[{"embeddable":true,"href":"https:\/\/bayernrockt-kaninchenhilfe.de\/wordpress\/wp-json\/wp\/v2\/media\/1862"}],"wp:attachment":[{"href":"https:\/\/bayernrockt-kaninchenhilfe.de\/wordpress\/wp-json\/wp\/v2\/media?parent=1860"}],"wp:term":[{"taxonomy":"category","embeddable":true,"href":"https:\/\/bayernrockt-kaninchenhilfe.de\/wordpress\/wp-json\/wp\/v2\/categories?post=1860"},{"taxonomy":"post_tag","embeddable":true,"href":"https:\/\/bayernrockt-kaninchenhilfe.de\/wordpress\/wp-json\/wp\/v2\/tags?post=1860"}],"curies":[{"name":"wp","href":"https:\/\/api.w.org\/{rel}","templated":true}]}}