{"id":1870,"date":"2024-07-12T00:06:43","date_gmt":"2024-07-11T22:06:43","guid":{"rendered":"https:\/\/bayernrockt-kaninchenhilfe.de\/wordpress\/?p=1870"},"modified":"2024-07-13T00:07:11","modified_gmt":"2024-07-12T22:07:11","slug":"dexter-6","status":"publish","type":"post","link":"https:\/\/bayernrockt-kaninchenhilfe.de\/wordpress\/dexter-6\/","title":{"rendered":"Dexter"},"content":{"rendered":"\n<p>Hallo Leute, <br>ich brauche n\u00e4chsten Mittwoch alle eure Daumen. <img loading=\"lazy\" decoding=\"async\" height=\"16\" width=\"16\" alt=\"\ud83c\udf40\" src=\"https:\/\/static.xx.fbcdn.net\/images\/emoji.php\/v9\/t87\/1\/16\/1f340.png\"> <br>Meine Pflegemama hat mich gestern nochmal mit zur Tier\u00e4rztin genommen, weil ich so komisch gekaut habe und insgesamt eher m\u00e4kelig war. Leider hat sich ihr schlechtes Bauchgef\u00fchl best\u00e4tigt. Ich habe im rechten Unterkiefer Eiter. Woher der kommt, kann meine Tier\u00e4rztin aktuell noch nicht sagen. Ich habe dort eh nur noch zwei Z\u00e4hne und die sitzen eigentlich fest<img loading=\"lazy\" decoding=\"async\" height=\"16\" width=\"16\" alt=\"\ud83d\ude14\" src=\"https:\/\/static.xx.fbcdn.net\/images\/emoji.php\/v9\/t71\/1\/16\/1f614.png\">. <br>Deshalb wird mein winziger Kopf ger\u00f6ntgt um zu sehen, <a><\/a>wo das Problem sitzt und dann werden voraussichtlich diese beiden Z\u00e4hne gezogen. Ich kenne diese Prozedur ja leider schon und bin bereit f\u00fcr den Kampf gegen den Eiter <img loading=\"lazy\" decoding=\"async\" height=\"16\" width=\"16\" alt=\"\ud83d\udcaa\" src=\"https:\/\/static.xx.fbcdn.net\/images\/emoji.php\/v9\/t6c\/1\/16\/1f4aa.png\">. <br>Und weil das nicht genug schlechte Nachrichten f\u00fcr einen Tag sind: auch ich habe aktuell einen Bezoar. Deshalb bekomme ich jetzt auch diesen edlen &#8222;Kaviar&#8220;, den Schorschi immer bekommt. Ich versteh gar nicht was Schorschi an dem Zeug findet, der liebt es ja. Ich finde es nicht lecker aber vielleicht kommt das mit der Zeit. <br>Wenn ihr mich und die anderen Kaninchen unterst\u00fctzen m\u00f6chtet, aber kein Geld spenden m\u00f6chtet, freuen wir uns auch \u00fcber Sachspenden. <br>Schaut mal auf unsere Amazon-Wunschliste. Da steht auch der &#8222;Kaviar&#8220; &#8211; Rodicare Hairball drauf. <br>Ich melde mich n\u00e4chste Woche, <br>Bis bald, euer Dexter<\/p>\n","protected":false},"excerpt":{"rendered":"<p>Hallo Leute, ich brauche n\u00e4chsten Mittwoch alle eure Daumen. Meine Pflegemama hat mich gestern nochmal mit zur Tier\u00e4rztin genommen, weil ich so komisch gekaut habe und insgesamt eher m\u00e4kelig war. Leider hat sich ihr schlechtes Bauchgef\u00fchl best\u00e4tigt. Ich habe im rechten Unterkiefer Eiter. Woher der kommt, kann meine Tier\u00e4rztin aktuell noch nicht sagen. Ich habe [&hellip;]<\/p>\n","protected":false},"author":1,"featured_media":1863,"comment_status":"closed","ping_status":"open","sticky":false,"template":"","format":"standard","meta":{"footnotes":""},"categories":[4],"tags":[],"class_list":["post-1870","post","type-post","status-publish","format-standard","has-post-thumbnail","hentry","category-patienten"],"_links":{"self":[{"href":"https:\/\/bayernrockt-kaninchenhilfe.de\/wordpress\/wp-json\/wp\/v2\/posts\/1870","targetHints":{"allow":["GET"]}}],"collection":[{"href":"https:\/\/bayernrockt-kaninchenhilfe.de\/wordpress\/wp-json\/wp\/v2\/posts"}],"about":[{"href":"https:\/\/bayernrockt-kaninchenhilfe.de\/wordpress\/wp-json\/wp\/v2\/types\/post"}],"author":[{"embeddable":true,"href":"https:\/\/bayernrockt-kaninchenhilfe.de\/wordpress\/wp-json\/wp\/v2\/users\/1"}],"replies":[{"embeddable":true,"href":"https:\/\/bayernrockt-kaninchenhilfe.de\/wordpress\/wp-json\/wp\/v2\/comments?post=1870"}],"version-history":[{"count":1,"href":"https:\/\/bayernrockt-kaninchenhilfe.de\/wordpress\/wp-json\/wp\/v2\/posts\/1870\/revisions"}],"predecessor-version":[{"id":1871,"href":"https:\/\/bayernrockt-kaninchenhilfe.de\/wordpress\/wp-json\/wp\/v2\/posts\/1870\/revisions\/1871"}],"wp:featuredmedia":[{"embeddable":true,"href":"https:\/\/bayernrockt-kaninchenhilfe.de\/wordpress\/wp-json\/wp\/v2\/media\/1863"}],"wp:attachment":[{"href":"https:\/\/bayernrockt-kaninchenhilfe.de\/wordpress\/wp-json\/wp\/v2\/media?parent=1870"}],"wp:term":[{"taxonomy":"category","embeddable":true,"href":"https:\/\/bayernrockt-kaninchenhilfe.de\/wordpress\/wp-json\/wp\/v2\/categories?post=1870"},{"taxonomy":"post_tag","embeddable":true,"href":"https:\/\/bayernrockt-kaninchenhilfe.de\/wordpress\/wp-json\/wp\/v2\/tags?post=1870"}],"curies":[{"name":"wp","href":"https:\/\/api.w.org\/{rel}","templated":true}]}}