{"id":1896,"date":"2024-07-24T18:52:40","date_gmt":"2024-07-24T16:52:40","guid":{"rendered":"https:\/\/bayernrockt-kaninchenhilfe.de\/wordpress\/?p=1896"},"modified":"2024-07-24T18:53:13","modified_gmt":"2024-07-24T16:53:13","slug":"dexter-7","status":"publish","type":"post","link":"https:\/\/bayernrockt-kaninchenhilfe.de\/wordpress\/dexter-7\/","title":{"rendered":"Dexter"},"content":{"rendered":"\n<p>Hallo Leute,<br>zu allererst: ich hab die Narkose gut \u00fcberstanden und war schon am n\u00e4chsten Tag wieder ganz &#8222;normal&#8220;. So normal wie ich eben sein kann\ud83d\ude14 denn meine Z\u00e4hne und mein Kiefer sind schon wirklich komisch. Ich habe einen mit Eiter gef\u00fcllten Fistelgang im Unterkiefer. Jedoch konnte unsere Tier\u00e4rztin keine wirklich Ursache daf\u00fcr finden. Die beiden Z\u00e4hne im Unterkiefer sind unauff\u00e4llig und haben damit nichts zu tun. Man sieht aber auch sonst keinen Ausl\u00f6ser: keine Zahnreste oder Zahnanlagen im Kiefer.<br>Der Fistelgang wurde gesp\u00fclt und weil ich eh schon geschlafen habe, wurde gleich noch ein Zahn im Oberkiefer gezogen. Der war ver\u00e4ndert, hat gewackelt und h\u00e4tte bald Probleme bereitet.<br>Am Montag war ich nochmal zur Kontrolle da: der Verlauf ist soweit positiv.<br>Wir hoffen jetzt alle, dass das Antibiotikum anschl\u00e4gt und den Eiter bek\u00e4mpft.<br>Bis bald<br>euer Dexter.<\/p>\n","protected":false},"excerpt":{"rendered":"<p>Hallo Leute,zu allererst: ich hab die Narkose gut \u00fcberstanden und war schon am n\u00e4chsten Tag wieder ganz &#8222;normal&#8220;. So normal wie ich eben sein kann\ud83d\ude14 denn meine Z\u00e4hne und mein Kiefer sind schon wirklich komisch. Ich habe einen mit Eiter gef\u00fcllten Fistelgang im Unterkiefer. Jedoch konnte unsere Tier\u00e4rztin keine wirklich Ursache daf\u00fcr finden. Die beiden [&hellip;]<\/p>\n","protected":false},"author":1,"featured_media":1897,"comment_status":"closed","ping_status":"open","sticky":false,"template":"","format":"standard","meta":{"footnotes":""},"categories":[4],"tags":[],"class_list":["post-1896","post","type-post","status-publish","format-standard","has-post-thumbnail","hentry","category-patienten"],"_links":{"self":[{"href":"https:\/\/bayernrockt-kaninchenhilfe.de\/wordpress\/wp-json\/wp\/v2\/posts\/1896","targetHints":{"allow":["GET"]}}],"collection":[{"href":"https:\/\/bayernrockt-kaninchenhilfe.de\/wordpress\/wp-json\/wp\/v2\/posts"}],"about":[{"href":"https:\/\/bayernrockt-kaninchenhilfe.de\/wordpress\/wp-json\/wp\/v2\/types\/post"}],"author":[{"embeddable":true,"href":"https:\/\/bayernrockt-kaninchenhilfe.de\/wordpress\/wp-json\/wp\/v2\/users\/1"}],"replies":[{"embeddable":true,"href":"https:\/\/bayernrockt-kaninchenhilfe.de\/wordpress\/wp-json\/wp\/v2\/comments?post=1896"}],"version-history":[{"count":1,"href":"https:\/\/bayernrockt-kaninchenhilfe.de\/wordpress\/wp-json\/wp\/v2\/posts\/1896\/revisions"}],"predecessor-version":[{"id":1898,"href":"https:\/\/bayernrockt-kaninchenhilfe.de\/wordpress\/wp-json\/wp\/v2\/posts\/1896\/revisions\/1898"}],"wp:featuredmedia":[{"embeddable":true,"href":"https:\/\/bayernrockt-kaninchenhilfe.de\/wordpress\/wp-json\/wp\/v2\/media\/1897"}],"wp:attachment":[{"href":"https:\/\/bayernrockt-kaninchenhilfe.de\/wordpress\/wp-json\/wp\/v2\/media?parent=1896"}],"wp:term":[{"taxonomy":"category","embeddable":true,"href":"https:\/\/bayernrockt-kaninchenhilfe.de\/wordpress\/wp-json\/wp\/v2\/categories?post=1896"},{"taxonomy":"post_tag","embeddable":true,"href":"https:\/\/bayernrockt-kaninchenhilfe.de\/wordpress\/wp-json\/wp\/v2\/tags?post=1896"}],"curies":[{"name":"wp","href":"https:\/\/api.w.org\/{rel}","templated":true}]}}