{"id":1917,"date":"2024-08-02T17:53:07","date_gmt":"2024-08-02T15:53:07","guid":{"rendered":"https:\/\/bayernrockt-kaninchenhilfe.de\/wordpress\/?p=1917"},"modified":"2026-03-16T12:46:26","modified_gmt":"2026-03-16T11:46:26","slug":"scarlet","status":"publish","type":"post","link":"https:\/\/bayernrockt-kaninchenhilfe.de\/wordpress\/scarlet\/","title":{"rendered":"Vermittelt: Scarlet"},"content":{"rendered":"\n<p>Hallo Leute,<br>ich bin die Scarlet. Im September 2022 kam ich mit meiner Mama und f\u00fcnf Geschwistern in die Pflegestelle von Bayern rockt. Da war ich gerade mal 7 Wochen alt. Wir hatten eine tolle Zeit und sind alle gro\u00df und stark geworden. Aber nach und nach wurden wir weniger, auch Mama war pl\u00f6tzlich nicht mehr da. Ich habe geh\u00f6rt, sie sind jetzt gl\u00fccklich woanders, mit anderen Freunden. Da war ich schon traurig, auch wenn ich in der Pflegestelle nat\u00fcrlich nicht ganz alleine war.<br>Aber jetzt habe ich es auch geschafft \ud83d\ude00.<br>Ich durfte zu Keks ziehen. Der hat ein tolles Zuhause, sogar mit Garten.<br>Seine Menschenmama sagt, dass er mit mir schon viel fitter ist und abgenommen hat \ud83d\ude09.<br>Ich freue mich so und schicke liebe Gr\u00fc\u00dfe an meine Geschwister und Mama da drau\u00dfen.<br>Eure Scarlet<\/p>\n","protected":false},"excerpt":{"rendered":"<p>Hallo Leute,ich bin die Scarlet. Im September 2022 kam ich mit meiner Mama und f\u00fcnf Geschwistern in die Pflegestelle von Bayern rockt. Da war ich gerade mal 7 Wochen alt. Wir hatten eine tolle Zeit und sind alle gro\u00df und stark geworden. Aber nach und nach wurden wir weniger, auch Mama war pl\u00f6tzlich nicht mehr [&hellip;]<\/p>\n","protected":false},"author":1,"featured_media":1918,"comment_status":"closed","ping_status":"open","sticky":false,"template":"","format":"standard","meta":{"footnotes":""},"categories":[1],"tags":[],"class_list":["post-1917","post","type-post","status-publish","format-standard","has-post-thumbnail","hentry","category-allgemein"],"_links":{"self":[{"href":"https:\/\/bayernrockt-kaninchenhilfe.de\/wordpress\/wp-json\/wp\/v2\/posts\/1917","targetHints":{"allow":["GET"]}}],"collection":[{"href":"https:\/\/bayernrockt-kaninchenhilfe.de\/wordpress\/wp-json\/wp\/v2\/posts"}],"about":[{"href":"https:\/\/bayernrockt-kaninchenhilfe.de\/wordpress\/wp-json\/wp\/v2\/types\/post"}],"author":[{"embeddable":true,"href":"https:\/\/bayernrockt-kaninchenhilfe.de\/wordpress\/wp-json\/wp\/v2\/users\/1"}],"replies":[{"embeddable":true,"href":"https:\/\/bayernrockt-kaninchenhilfe.de\/wordpress\/wp-json\/wp\/v2\/comments?post=1917"}],"version-history":[{"count":2,"href":"https:\/\/bayernrockt-kaninchenhilfe.de\/wordpress\/wp-json\/wp\/v2\/posts\/1917\/revisions"}],"predecessor-version":[{"id":1951,"href":"https:\/\/bayernrockt-kaninchenhilfe.de\/wordpress\/wp-json\/wp\/v2\/posts\/1917\/revisions\/1951"}],"wp:featuredmedia":[{"embeddable":true,"href":"https:\/\/bayernrockt-kaninchenhilfe.de\/wordpress\/wp-json\/wp\/v2\/media\/1918"}],"wp:attachment":[{"href":"https:\/\/bayernrockt-kaninchenhilfe.de\/wordpress\/wp-json\/wp\/v2\/media?parent=1917"}],"wp:term":[{"taxonomy":"category","embeddable":true,"href":"https:\/\/bayernrockt-kaninchenhilfe.de\/wordpress\/wp-json\/wp\/v2\/categories?post=1917"},{"taxonomy":"post_tag","embeddable":true,"href":"https:\/\/bayernrockt-kaninchenhilfe.de\/wordpress\/wp-json\/wp\/v2\/tags?post=1917"}],"curies":[{"name":"wp","href":"https:\/\/api.w.org\/{rel}","templated":true}]}}