{"id":1923,"date":"2024-08-06T12:47:10","date_gmt":"2024-08-06T10:47:10","guid":{"rendered":"https:\/\/bayernrockt-kaninchenhilfe.de\/wordpress\/?p=1923"},"modified":"2026-03-16T12:46:47","modified_gmt":"2026-03-16T11:46:47","slug":"schnueffelchen-erzaehlt","status":"publish","type":"post","link":"https:\/\/bayernrockt-kaninchenhilfe.de\/wordpress\/schnueffelchen-erzaehlt\/","title":{"rendered":"Schn\u00fcffelchen erz\u00e4hlt &#8230;"},"content":{"rendered":"\n<p>Hallo Leute,<br>ich wollte euch mal zeigen, in was f\u00fcr einer netten Gruppe wir hier in der Pflegestelle leben.<br>Da bin ich, Schn\u00fcffelchen und der gro\u00dfe Zlatki, den alle m\u00f6gen, jeder will sein Freund sein. Malisha, Maja und Kira, die anderen M\u00e4dels neben mir. Und Tiberius und Jon, die Jungs. Im Gro\u00dfen und Ganzen verstehen wir uns alle sehr gut, nur hin und wieder spielt der eine oder andere &#8222;Fangen&#8220; \ud83d\ude09.<br>Bis bald,<br>eure Schn\u00fcffelchen<\/p>\n","protected":false},"excerpt":{"rendered":"<p>Hallo Leute,ich wollte euch mal zeigen, in was f\u00fcr einer netten Gruppe wir hier in der Pflegestelle leben.Da bin ich, Schn\u00fcffelchen und der gro\u00dfe Zlatki, den alle m\u00f6gen, jeder will sein Freund sein. Malisha, Maja und Kira, die anderen M\u00e4dels neben mir. Und Tiberius und Jon, die Jungs. Im Gro\u00dfen und Ganzen verstehen wir uns [&hellip;]<\/p>\n","protected":false},"author":1,"featured_media":1924,"comment_status":"closed","ping_status":"open","sticky":false,"template":"","format":"standard","meta":{"footnotes":""},"categories":[5],"tags":[],"class_list":["post-1923","post","type-post","status-publish","format-standard","has-post-thumbnail","hentry","category-vorstellung"],"_links":{"self":[{"href":"https:\/\/bayernrockt-kaninchenhilfe.de\/wordpress\/wp-json\/wp\/v2\/posts\/1923","targetHints":{"allow":["GET"]}}],"collection":[{"href":"https:\/\/bayernrockt-kaninchenhilfe.de\/wordpress\/wp-json\/wp\/v2\/posts"}],"about":[{"href":"https:\/\/bayernrockt-kaninchenhilfe.de\/wordpress\/wp-json\/wp\/v2\/types\/post"}],"author":[{"embeddable":true,"href":"https:\/\/bayernrockt-kaninchenhilfe.de\/wordpress\/wp-json\/wp\/v2\/users\/1"}],"replies":[{"embeddable":true,"href":"https:\/\/bayernrockt-kaninchenhilfe.de\/wordpress\/wp-json\/wp\/v2\/comments?post=1923"}],"version-history":[{"count":1,"href":"https:\/\/bayernrockt-kaninchenhilfe.de\/wordpress\/wp-json\/wp\/v2\/posts\/1923\/revisions"}],"predecessor-version":[{"id":1925,"href":"https:\/\/bayernrockt-kaninchenhilfe.de\/wordpress\/wp-json\/wp\/v2\/posts\/1923\/revisions\/1925"}],"wp:featuredmedia":[{"embeddable":true,"href":"https:\/\/bayernrockt-kaninchenhilfe.de\/wordpress\/wp-json\/wp\/v2\/media\/1924"}],"wp:attachment":[{"href":"https:\/\/bayernrockt-kaninchenhilfe.de\/wordpress\/wp-json\/wp\/v2\/media?parent=1923"}],"wp:term":[{"taxonomy":"category","embeddable":true,"href":"https:\/\/bayernrockt-kaninchenhilfe.de\/wordpress\/wp-json\/wp\/v2\/categories?post=1923"},{"taxonomy":"post_tag","embeddable":true,"href":"https:\/\/bayernrockt-kaninchenhilfe.de\/wordpress\/wp-json\/wp\/v2\/tags?post=1923"}],"curies":[{"name":"wp","href":"https:\/\/api.w.org\/{rel}","templated":true}]}}