{"id":1995,"date":"2024-09-07T23:23:02","date_gmt":"2024-09-07T21:23:02","guid":{"rendered":"https:\/\/bayernrockt-kaninchenhilfe.de\/wordpress\/?p=1995"},"modified":"2026-03-16T12:47:24","modified_gmt":"2026-03-16T11:47:24","slug":"karina-braucht-hilfe","status":"publish","type":"post","link":"https:\/\/bayernrockt-kaninchenhilfe.de\/wordpress\/karina-braucht-hilfe\/","title":{"rendered":"Karina braucht Hilfe"},"content":{"rendered":"\n<p>Hallo Leute, <br>ich bin Karina und brauche dringend eure Unterst\u00fctzung. <br>Seit kurzem sind Meister Yoda und ich zur\u00fcck bei Bayern rockt. Wir haben auch unseren Kumpel Cappuccino mitgebracht. Vorstellen wollten wir uns die Tage noch, aber bei mir \u00fcberschlagen sich die Ereignisse. <br>Mit meinen 2 Jahren und obwohl ich ein mittelgro\u00dfes und gut gewachsenes Kaninchenm\u00e4del bin, sind meine Z\u00e4hne eine Vollkatastrophe<img loading=\"lazy\" decoding=\"async\" height=\"16\" width=\"16\" alt=\"\ud83d\ude1e\" src=\"https:\/\/static.xx.fbcdn.net\/images\/emoji.php\/v9\/t22\/1\/16\/1f61e.png\">. Nachdem ein Abszess gefunden wurde, wurde auch mein Kopf ger\u00f6ntgt. Die <a><\/a>erste Aufnahme zeigt schon, dass ein Zahn durchgebrochen ist. Meine anderen Z\u00e4hne sind auch schon ziemlich tief im Knochen und drohen ebenso durchzubrechen. <br>Ihr habt uns schon so toll unterst\u00fctzt. Nun bitte ich euch um Hilfe<img loading=\"lazy\" decoding=\"async\" height=\"16\" width=\"16\" alt=\"\ud83d\ude4f\" src=\"https:\/\/static.xx.fbcdn.net\/images\/emoji.php\/v9\/t80\/1\/16\/1f64f.png\">. Die Behandlung wird incl. der Nachsorge mehrere Tausend Euro kosten, nur f\u00fcr mich<img loading=\"lazy\" decoding=\"async\" height=\"16\" width=\"16\" alt=\"\ud83d\ude1e\" src=\"https:\/\/static.xx.fbcdn.net\/images\/emoji.php\/v9\/t22\/1\/16\/1f61e.png\">. Mein schlechtes Gewissen plagt mich, da hier ja schon so viele \u201eZahnis\u201c sind\u2026 Jetzt komm ich auch noch dazu<img loading=\"lazy\" decoding=\"async\" height=\"16\" width=\"16\" alt=\"\ud83d\ude14\" src=\"https:\/\/static.xx.fbcdn.net\/images\/emoji.php\/v9\/t71\/1\/16\/1f614.png\">. <br>Am Montag ist der OP-Termin. Bitte helft mir finanziell und mit ganz ganz viel Daumendr\u00fccken. <br>Eure Karina<\/p>\n","protected":false},"excerpt":{"rendered":"<p>Hallo Leute, ich bin Karina und brauche dringend eure Unterst\u00fctzung. Seit kurzem sind Meister Yoda und ich zur\u00fcck bei Bayern rockt. Wir haben auch unseren Kumpel Cappuccino mitgebracht. Vorstellen wollten wir uns die Tage noch, aber bei mir \u00fcberschlagen sich die Ereignisse. Mit meinen 2 Jahren und obwohl ich ein mittelgro\u00dfes und gut gewachsenes Kaninchenm\u00e4del [&hellip;]<\/p>\n","protected":false},"author":1,"featured_media":1996,"comment_status":"closed","ping_status":"open","sticky":false,"template":"","format":"standard","meta":{"footnotes":""},"categories":[4],"tags":[],"class_list":["post-1995","post","type-post","status-publish","format-standard","has-post-thumbnail","hentry","category-patienten"],"_links":{"self":[{"href":"https:\/\/bayernrockt-kaninchenhilfe.de\/wordpress\/wp-json\/wp\/v2\/posts\/1995","targetHints":{"allow":["GET"]}}],"collection":[{"href":"https:\/\/bayernrockt-kaninchenhilfe.de\/wordpress\/wp-json\/wp\/v2\/posts"}],"about":[{"href":"https:\/\/bayernrockt-kaninchenhilfe.de\/wordpress\/wp-json\/wp\/v2\/types\/post"}],"author":[{"embeddable":true,"href":"https:\/\/bayernrockt-kaninchenhilfe.de\/wordpress\/wp-json\/wp\/v2\/users\/1"}],"replies":[{"embeddable":true,"href":"https:\/\/bayernrockt-kaninchenhilfe.de\/wordpress\/wp-json\/wp\/v2\/comments?post=1995"}],"version-history":[{"count":1,"href":"https:\/\/bayernrockt-kaninchenhilfe.de\/wordpress\/wp-json\/wp\/v2\/posts\/1995\/revisions"}],"predecessor-version":[{"id":1997,"href":"https:\/\/bayernrockt-kaninchenhilfe.de\/wordpress\/wp-json\/wp\/v2\/posts\/1995\/revisions\/1997"}],"wp:featuredmedia":[{"embeddable":true,"href":"https:\/\/bayernrockt-kaninchenhilfe.de\/wordpress\/wp-json\/wp\/v2\/media\/1996"}],"wp:attachment":[{"href":"https:\/\/bayernrockt-kaninchenhilfe.de\/wordpress\/wp-json\/wp\/v2\/media?parent=1995"}],"wp:term":[{"taxonomy":"category","embeddable":true,"href":"https:\/\/bayernrockt-kaninchenhilfe.de\/wordpress\/wp-json\/wp\/v2\/categories?post=1995"},{"taxonomy":"post_tag","embeddable":true,"href":"https:\/\/bayernrockt-kaninchenhilfe.de\/wordpress\/wp-json\/wp\/v2\/tags?post=1995"}],"curies":[{"name":"wp","href":"https:\/\/api.w.org\/{rel}","templated":true}]}}