{"id":2005,"date":"2024-09-11T13:41:25","date_gmt":"2024-09-11T11:41:25","guid":{"rendered":"https:\/\/bayernrockt-kaninchenhilfe.de\/wordpress\/?p=2005"},"modified":"2026-03-16T12:47:38","modified_gmt":"2026-03-16T11:47:38","slug":"wuschel-und-liselotte","status":"publish","type":"post","link":"https:\/\/bayernrockt-kaninchenhilfe.de\/wordpress\/wuschel-und-liselotte\/","title":{"rendered":"Vermittelt: Wuschel"},"content":{"rendered":"\n<p>Hallo Leute, <br>erinnert ihr euch an mich? Ich bin die wei\u00dfe Flauschkugel namens Wuschel, und stellt euch vor: <br>Ich durfte vor Kurzem in ein neues Zuhause ziehen &#8211; und zwar in die Oberpfalz! <br>Meine neue Freundin hei\u00dft Liselotte und ich freue mich schon darauf, bald mit ihr unsere Au\u00dfenresidenz zu erobern.<img loading=\"lazy\" decoding=\"async\" height=\"16\" width=\"16\" alt=\"\ud83c\udfe1\" src=\"https:\/\/static.xx.fbcdn.net\/images\/emoji.php\/v9\/t77\/1\/16\/1f3e1.png\"> <br>&gt;Das Personal ist \u00fcbrigens sehr auf zack &#8211; zum Gl\u00fcck, ich wusste ja nicht genau, was mich hier so weit weg von M\u00fcnchen erwarten wird&#8230; <br>Ich <a><\/a>hoffe, ein paar Freunde von mir bei Bayern rockt haben bald auch das Gl\u00fcck, in ein eigenes Zuhause ziehen zu d\u00fcrfen!<img loading=\"lazy\" decoding=\"async\" height=\"16\" width=\"16\" alt=\"\ud83d\udc07\" src=\"https:\/\/static.xx.fbcdn.net\/images\/emoji.php\/v9\/td3\/1\/16\/1f407.png\"><img loading=\"lazy\" decoding=\"async\" height=\"16\" width=\"16\" alt=\"\ud83c\udf40\" src=\"https:\/\/static.xx.fbcdn.net\/images\/emoji.php\/v9\/t87\/1\/16\/1f340.png\"> <br>Liebe Gr\u00fc\u00dfe, <br>euer Wuschel<\/p>\n\n\n\n<p><\/p>\n","protected":false},"excerpt":{"rendered":"<p>Hallo Leute, erinnert ihr euch an mich? Ich bin die wei\u00dfe Flauschkugel namens Wuschel, und stellt euch vor: Ich durfte vor Kurzem in ein neues Zuhause ziehen &#8211; und zwar in die Oberpfalz! Meine neue Freundin hei\u00dft Liselotte und ich freue mich schon darauf, bald mit ihr unsere Au\u00dfenresidenz zu erobern. &gt;Das Personal ist \u00fcbrigens [&hellip;]<\/p>\n","protected":false},"author":1,"featured_media":2006,"comment_status":"closed","ping_status":"open","sticky":false,"template":"","format":"standard","meta":{"footnotes":""},"categories":[1],"tags":[],"class_list":["post-2005","post","type-post","status-publish","format-standard","has-post-thumbnail","hentry","category-allgemein"],"_links":{"self":[{"href":"https:\/\/bayernrockt-kaninchenhilfe.de\/wordpress\/wp-json\/wp\/v2\/posts\/2005","targetHints":{"allow":["GET"]}}],"collection":[{"href":"https:\/\/bayernrockt-kaninchenhilfe.de\/wordpress\/wp-json\/wp\/v2\/posts"}],"about":[{"href":"https:\/\/bayernrockt-kaninchenhilfe.de\/wordpress\/wp-json\/wp\/v2\/types\/post"}],"author":[{"embeddable":true,"href":"https:\/\/bayernrockt-kaninchenhilfe.de\/wordpress\/wp-json\/wp\/v2\/users\/1"}],"replies":[{"embeddable":true,"href":"https:\/\/bayernrockt-kaninchenhilfe.de\/wordpress\/wp-json\/wp\/v2\/comments?post=2005"}],"version-history":[{"count":2,"href":"https:\/\/bayernrockt-kaninchenhilfe.de\/wordpress\/wp-json\/wp\/v2\/posts\/2005\/revisions"}],"predecessor-version":[{"id":2008,"href":"https:\/\/bayernrockt-kaninchenhilfe.de\/wordpress\/wp-json\/wp\/v2\/posts\/2005\/revisions\/2008"}],"wp:featuredmedia":[{"embeddable":true,"href":"https:\/\/bayernrockt-kaninchenhilfe.de\/wordpress\/wp-json\/wp\/v2\/media\/2006"}],"wp:attachment":[{"href":"https:\/\/bayernrockt-kaninchenhilfe.de\/wordpress\/wp-json\/wp\/v2\/media?parent=2005"}],"wp:term":[{"taxonomy":"category","embeddable":true,"href":"https:\/\/bayernrockt-kaninchenhilfe.de\/wordpress\/wp-json\/wp\/v2\/categories?post=2005"},{"taxonomy":"post_tag","embeddable":true,"href":"https:\/\/bayernrockt-kaninchenhilfe.de\/wordpress\/wp-json\/wp\/v2\/tags?post=2005"}],"curies":[{"name":"wp","href":"https:\/\/api.w.org\/{rel}","templated":true}]}}