{"id":2204,"date":"2024-12-15T18:23:22","date_gmt":"2024-12-15T17:23:22","guid":{"rendered":"https:\/\/bayernrockt-kaninchenhilfe.de\/wordpress\/?p=2204"},"modified":"2026-03-16T12:50:39","modified_gmt":"2026-03-16T11:50:39","slug":"hexi-und-flocki","status":"publish","type":"post","link":"https:\/\/bayernrockt-kaninchenhilfe.de\/wordpress\/hexi-und-flocki\/","title":{"rendered":"Hexi und Flocki"},"content":{"rendered":"<p>Hallo Leute,<br \/>\nich bin die Hexi. Und weil ich EC-positiv bin und niemand zu mir passte, lebte ich in der Pflegestelle eine Zeitlang alleine. Aber damit mir nicht langweilig wird, durfte ich mit einem der Bayern rockt M\u00e4dels im Wohnzimmer leben, was schon toll war.<br \/>\nAber jetzt ist der Flocki zu Bayern rockt zur\u00fcck gekommen. Er war, wie ich, schon mal vermittelt, hat aber leider seine Partnerin verloren.<br \/>\nEr ist auch schon ein \u00e4lterer Herr und und wir Zwei passen richtig gut zusammen.<br \/>\nUnd jetzt nach der Vergesellschaftung d\u00fcrfen wir sogar gemeinsam bei unserer Pflegemama weiter im Wohnzimmer leben \ud83d\ude09.<br \/>\nViele gl\u00fcckliche Gr\u00fc\u00dfe,<br \/>\neure Hexi mit Flocki \u2764<\/p>\n","protected":false},"excerpt":{"rendered":"<p>Hallo Leute, ich bin die Hexi. Und weil ich EC-positiv bin und niemand zu mir passte, lebte ich in der Pflegestelle eine Zeitlang alleine. Aber damit mir nicht langweilig wird, durfte ich mit einem der Bayern rockt M\u00e4dels im Wohnzimmer leben, was schon toll war. Aber jetzt ist der Flocki zu Bayern rockt zur\u00fcck gekommen. [&hellip;]<\/p>\n","protected":false},"author":1,"featured_media":2205,"comment_status":"closed","ping_status":"open","sticky":false,"template":"","format":"standard","meta":{"footnotes":""},"categories":[5],"tags":[],"class_list":["post-2204","post","type-post","status-publish","format-standard","has-post-thumbnail","hentry","category-vorstellung"],"_links":{"self":[{"href":"https:\/\/bayernrockt-kaninchenhilfe.de\/wordpress\/wp-json\/wp\/v2\/posts\/2204","targetHints":{"allow":["GET"]}}],"collection":[{"href":"https:\/\/bayernrockt-kaninchenhilfe.de\/wordpress\/wp-json\/wp\/v2\/posts"}],"about":[{"href":"https:\/\/bayernrockt-kaninchenhilfe.de\/wordpress\/wp-json\/wp\/v2\/types\/post"}],"author":[{"embeddable":true,"href":"https:\/\/bayernrockt-kaninchenhilfe.de\/wordpress\/wp-json\/wp\/v2\/users\/1"}],"replies":[{"embeddable":true,"href":"https:\/\/bayernrockt-kaninchenhilfe.de\/wordpress\/wp-json\/wp\/v2\/comments?post=2204"}],"version-history":[{"count":1,"href":"https:\/\/bayernrockt-kaninchenhilfe.de\/wordpress\/wp-json\/wp\/v2\/posts\/2204\/revisions"}],"predecessor-version":[{"id":2206,"href":"https:\/\/bayernrockt-kaninchenhilfe.de\/wordpress\/wp-json\/wp\/v2\/posts\/2204\/revisions\/2206"}],"wp:featuredmedia":[{"embeddable":true,"href":"https:\/\/bayernrockt-kaninchenhilfe.de\/wordpress\/wp-json\/wp\/v2\/media\/2205"}],"wp:attachment":[{"href":"https:\/\/bayernrockt-kaninchenhilfe.de\/wordpress\/wp-json\/wp\/v2\/media?parent=2204"}],"wp:term":[{"taxonomy":"category","embeddable":true,"href":"https:\/\/bayernrockt-kaninchenhilfe.de\/wordpress\/wp-json\/wp\/v2\/categories?post=2204"},{"taxonomy":"post_tag","embeddable":true,"href":"https:\/\/bayernrockt-kaninchenhilfe.de\/wordpress\/wp-json\/wp\/v2\/tags?post=2204"}],"curies":[{"name":"wp","href":"https:\/\/api.w.org\/{rel}","templated":true}]}}