{"id":60,"date":"2024-01-17T17:06:21","date_gmt":"2024-01-17T16:06:21","guid":{"rendered":"https:\/\/www.bayernrockt-kaninchenhilfe.de\/wordpress\/?p=60"},"modified":"2024-02-12T12:51:07","modified_gmt":"2024-02-12T11:51:07","slug":"akira","status":"publish","type":"post","link":"https:\/\/bayernrockt-kaninchenhilfe.de\/wordpress\/akira\/","title":{"rendered":"Akira"},"content":{"rendered":"\n<p>Hallo Leute, <br>meine OP am Ohr ist gut verlaufen. Die haben mir den Geh\u00f6rgang erweitert und \u00fcber das Trommelfell den Eiter aus dem Mittelohr gesp\u00fclt. Da muss ein dicker Batzen drin gewesen sein. In der Haut vom Geh\u00f6rgang hatte ich noch ein paar kleine Abszesse. Die bin ich nun auch los. <br>Auch meine Z\u00e4hnchen wurden aufgeh\u00fcbscht, die waren leicht schief weil ich mit dem schiefen Kopf komisch kaue. Die Z\u00e4hne m\u00fcssen weiter engmaschig beobachtet werden. <br>Meine Pflegemama hat mich abgeholt und daheim hab ich gleich selber was gegessen. Da ich mit den Pfoten an der Wunde kratzen m\u00f6chte, muss ich jetzt einen Kragen tragen. <br>Im Bild seht ihr mich vor der OP und dann mein operiertes Ohr. <br>Dr\u00fcckt mir die Daumen, dass ich mich weiter gut erhole. <br>Bis bald, eure Akira<\/p>\n","protected":false},"excerpt":{"rendered":"<p>Hallo Leute, meine OP am Ohr ist gut verlaufen. Die haben mir den Geh\u00f6rgang erweitert und \u00fcber das Trommelfell den Eiter aus dem Mittelohr gesp\u00fclt. Da muss ein dicker Batzen drin gewesen sein. In der Haut vom Geh\u00f6rgang hatte ich noch ein paar kleine Abszesse. Die bin ich nun auch los. Auch meine Z\u00e4hnchen wurden [&hellip;]<\/p>\n","protected":false},"author":1,"featured_media":62,"comment_status":"closed","ping_status":"open","sticky":false,"template":"","format":"standard","meta":{"footnotes":""},"categories":[1],"tags":[],"class_list":["post-60","post","type-post","status-publish","format-standard","has-post-thumbnail","hentry","category-allgemein"],"_links":{"self":[{"href":"https:\/\/bayernrockt-kaninchenhilfe.de\/wordpress\/wp-json\/wp\/v2\/posts\/60","targetHints":{"allow":["GET"]}}],"collection":[{"href":"https:\/\/bayernrockt-kaninchenhilfe.de\/wordpress\/wp-json\/wp\/v2\/posts"}],"about":[{"href":"https:\/\/bayernrockt-kaninchenhilfe.de\/wordpress\/wp-json\/wp\/v2\/types\/post"}],"author":[{"embeddable":true,"href":"https:\/\/bayernrockt-kaninchenhilfe.de\/wordpress\/wp-json\/wp\/v2\/users\/1"}],"replies":[{"embeddable":true,"href":"https:\/\/bayernrockt-kaninchenhilfe.de\/wordpress\/wp-json\/wp\/v2\/comments?post=60"}],"version-history":[{"count":2,"href":"https:\/\/bayernrockt-kaninchenhilfe.de\/wordpress\/wp-json\/wp\/v2\/posts\/60\/revisions"}],"predecessor-version":[{"id":75,"href":"https:\/\/bayernrockt-kaninchenhilfe.de\/wordpress\/wp-json\/wp\/v2\/posts\/60\/revisions\/75"}],"wp:featuredmedia":[{"embeddable":true,"href":"https:\/\/bayernrockt-kaninchenhilfe.de\/wordpress\/wp-json\/wp\/v2\/media\/62"}],"wp:attachment":[{"href":"https:\/\/bayernrockt-kaninchenhilfe.de\/wordpress\/wp-json\/wp\/v2\/media?parent=60"}],"wp:term":[{"taxonomy":"category","embeddable":true,"href":"https:\/\/bayernrockt-kaninchenhilfe.de\/wordpress\/wp-json\/wp\/v2\/categories?post=60"},{"taxonomy":"post_tag","embeddable":true,"href":"https:\/\/bayernrockt-kaninchenhilfe.de\/wordpress\/wp-json\/wp\/v2\/tags?post=60"}],"curies":[{"name":"wp","href":"https:\/\/api.w.org\/{rel}","templated":true}]}}