{"id":720,"date":"2024-01-13T12:55:51","date_gmt":"2024-01-13T11:55:51","guid":{"rendered":"https:\/\/www.bayernrockt-kaninchenhilfe.de\/wordpress\/?p=720"},"modified":"2024-02-12T13:01:20","modified_gmt":"2024-02-12T12:01:20","slug":"dexter-2","status":"publish","type":"post","link":"https:\/\/bayernrockt-kaninchenhilfe.de\/wordpress\/dexter-2\/","title":{"rendered":"Dexter"},"content":{"rendered":"\n<p>Hallo, ich bin endlich wieder daheim. Der b\u00f6se Wackelzahn der mich beim Fressen gest\u00f6rt ist jetzt raus. Und auch der Zahn im Unterkiefer wurde gezogen. Beide sa\u00dfen leider schon auf Eiter \ud83d\ude25 das hei\u00dft f\u00fcr mich Antibiotika und regelm\u00e4\u00dfig zum Tierarzt zum Sp\u00fclen. F\u00fcr euch hei\u00dft es: bitte weiter Daumen dr\u00fccken \u2764\ufe0f<br>Und weil Zahnprobleme nicht genug sind, habe ich mir schon wieder mein Auge verletzt. Ein gro\u00dfer Kratzer in der Hornhaut (das was am Bild so neongr\u00fcn angef\u00e4rbt ist). \ud83d\ude14 Also gibt&#8217;s auch wieder x mal t\u00e4glich Augentropfen\u2026<br>Ich hoffe es l\u00e4uft bald wieder besser f\u00fcr mich\ud83d\ude14.<br>Bis bald, euer Dexter<\/p>\n","protected":false},"excerpt":{"rendered":"<p>Hallo, ich bin endlich wieder daheim. Der b\u00f6se Wackelzahn der mich beim Fressen gest\u00f6rt ist jetzt raus. Und auch der Zahn im Unterkiefer wurde gezogen. Beide sa\u00dfen leider schon auf Eiter \ud83d\ude25 das hei\u00dft f\u00fcr mich Antibiotika und regelm\u00e4\u00dfig zum Tierarzt zum Sp\u00fclen. F\u00fcr euch hei\u00dft es: bitte weiter Daumen dr\u00fccken \u2764\ufe0fUnd weil Zahnprobleme nicht [&hellip;]<\/p>\n","protected":false},"author":1,"featured_media":717,"comment_status":"closed","ping_status":"open","sticky":false,"template":"","format":"standard","meta":{"footnotes":""},"categories":[4],"tags":[],"class_list":["post-720","post","type-post","status-publish","format-standard","has-post-thumbnail","hentry","category-patienten"],"_links":{"self":[{"href":"https:\/\/bayernrockt-kaninchenhilfe.de\/wordpress\/wp-json\/wp\/v2\/posts\/720","targetHints":{"allow":["GET"]}}],"collection":[{"href":"https:\/\/bayernrockt-kaninchenhilfe.de\/wordpress\/wp-json\/wp\/v2\/posts"}],"about":[{"href":"https:\/\/bayernrockt-kaninchenhilfe.de\/wordpress\/wp-json\/wp\/v2\/types\/post"}],"author":[{"embeddable":true,"href":"https:\/\/bayernrockt-kaninchenhilfe.de\/wordpress\/wp-json\/wp\/v2\/users\/1"}],"replies":[{"embeddable":true,"href":"https:\/\/bayernrockt-kaninchenhilfe.de\/wordpress\/wp-json\/wp\/v2\/comments?post=720"}],"version-history":[{"count":1,"href":"https:\/\/bayernrockt-kaninchenhilfe.de\/wordpress\/wp-json\/wp\/v2\/posts\/720\/revisions"}],"predecessor-version":[{"id":721,"href":"https:\/\/bayernrockt-kaninchenhilfe.de\/wordpress\/wp-json\/wp\/v2\/posts\/720\/revisions\/721"}],"wp:featuredmedia":[{"embeddable":true,"href":"https:\/\/bayernrockt-kaninchenhilfe.de\/wordpress\/wp-json\/wp\/v2\/media\/717"}],"wp:attachment":[{"href":"https:\/\/bayernrockt-kaninchenhilfe.de\/wordpress\/wp-json\/wp\/v2\/media?parent=720"}],"wp:term":[{"taxonomy":"category","embeddable":true,"href":"https:\/\/bayernrockt-kaninchenhilfe.de\/wordpress\/wp-json\/wp\/v2\/categories?post=720"},{"taxonomy":"post_tag","embeddable":true,"href":"https:\/\/bayernrockt-kaninchenhilfe.de\/wordpress\/wp-json\/wp\/v2\/tags?post=720"}],"curies":[{"name":"wp","href":"https:\/\/api.w.org\/{rel}","templated":true}]}}